{"id":81,"date":"2012-07-29T12:00:08","date_gmt":"2012-07-29T12:00:08","guid":{"rendered":"http:\/\/www.famnedergaard.dk\/wordpress\/?p=81"},"modified":"2014-12-29T18:12:49","modified_gmt":"2014-12-29T18:12:49","slug":"hygge-i-vannelsbaek","status":"publish","type":"post","link":"https:\/\/www.famnedergaard.dk\/?p=81","title":{"rendered":"Hygge i Vannelsb\u00e6k"},"content":{"rendered":"<p>Idag er dagen g\u00e5et med hjemlig hygge hos Dorte og Jesper. Jesper og Thomas fik ogs\u00e5 taget en lille cykeltur i det K\u00f8benhanske.<br \/>\nOm eftermiddagen var det tid til en badetur og en is i Vallensb\u00e6k havn.<\/p>\n<p><a href=\"https:\/\/www.famnedergaard.dk\/wp-content\/uploads\/2014\/12\/20120730-120519.jpg\"><img loading=\"lazy\" decoding=\"async\" class=\"alignnone size-full wp-image-49\" src=\"https:\/\/www.famnedergaard.dk\/wp-content\/uploads\/2014\/12\/20120730-120519.jpg\" alt=\"20120730-120519\" width=\"1371\" height=\"1024\" srcset=\"https:\/\/www.famnedergaard.dk\/wp-content\/uploads\/2014\/12\/20120730-120519.jpg 1371w, https:\/\/www.famnedergaard.dk\/wp-content\/uploads\/2014\/12\/20120730-120519-300x224.jpg 300w, https:\/\/www.famnedergaard.dk\/wp-content\/uploads\/2014\/12\/20120730-120519-1024x764.jpg 1024w\" sizes=\"auto, (max-width: 1371px) 100vw, 1371px\" \/><\/a> <a href=\"https:\/\/www.famnedergaard.dk\/wp-content\/uploads\/2014\/12\/20120730-120504.jpg\"><img loading=\"lazy\" decoding=\"async\" class=\"alignnone size-full wp-image-48\" src=\"https:\/\/www.famnedergaard.dk\/wp-content\/uploads\/2014\/12\/20120730-120504.jpg\" alt=\"20120730-120504\" width=\"1024\" height=\"1371\" srcset=\"https:\/\/www.famnedergaard.dk\/wp-content\/uploads\/2014\/12\/20120730-120504.jpg 1024w, https:\/\/www.famnedergaard.dk\/wp-content\/uploads\/2014\/12\/20120730-120504-224x300.jpg 224w, https:\/\/www.famnedergaard.dk\/wp-content\/uploads\/2014\/12\/20120730-120504-764x1024.jpg 764w\" sizes=\"auto, (max-width: 1024px) 100vw, 1024px\" \/><\/a><\/p>\n","protected":false},"excerpt":{"rendered":"<p>Idag er dagen g\u00e5et med hjemlig hygge hos Dorte og Jesper. Jesper og Thomas fik ogs\u00e5 taget en lille cykeltur i det K\u00f8benhanske. Om eftermiddagen var det tid til en badetur og en is i Vallensb\u00e6k havn.<\/p>\n<p class=\"continue-reading-button\"> <a class=\"continue-reading-link\" href=\"https:\/\/www.famnedergaard.dk\/?p=81\">Continue reading<i class=\"crycon-right-dir\"><\/i><\/a><\/p>\n","protected":false},"author":1,"featured_media":0,"comment_status":"open","ping_status":"open","sticky":false,"template":"","format":"standard","meta":{"footnotes":""},"categories":[8,6,4,9,11],"tags":[],"class_list":["post-81","post","type-post","status-publish","format-standard","hentry","category-margrethe","category-martin","category-paa-tur","category-sommerferie","category-vallensbaek"],"_links":{"self":[{"href":"https:\/\/www.famnedergaard.dk\/index.php?rest_route=\/wp\/v2\/posts\/81","targetHints":{"allow":["GET"]}}],"collection":[{"href":"https:\/\/www.famnedergaard.dk\/index.php?rest_route=\/wp\/v2\/posts"}],"about":[{"href":"https:\/\/www.famnedergaard.dk\/index.php?rest_route=\/wp\/v2\/types\/post"}],"author":[{"embeddable":true,"href":"https:\/\/www.famnedergaard.dk\/index.php?rest_route=\/wp\/v2\/users\/1"}],"replies":[{"embeddable":true,"href":"https:\/\/www.famnedergaard.dk\/index.php?rest_route=%2Fwp%2Fv2%2Fcomments&post=81"}],"version-history":[{"count":2,"href":"https:\/\/www.famnedergaard.dk\/index.php?rest_route=\/wp\/v2\/posts\/81\/revisions"}],"predecessor-version":[{"id":83,"href":"https:\/\/www.famnedergaard.dk\/index.php?rest_route=\/wp\/v2\/posts\/81\/revisions\/83"}],"wp:attachment":[{"href":"https:\/\/www.famnedergaard.dk\/index.php?rest_route=%2Fwp%2Fv2%2Fmedia&parent=81"}],"wp:term":[{"taxonomy":"category","embeddable":true,"href":"https:\/\/www.famnedergaard.dk\/index.php?rest_route=%2Fwp%2Fv2%2Fcategories&post=81"},{"taxonomy":"post_tag","embeddable":true,"href":"https:\/\/www.famnedergaard.dk\/index.php?rest_route=%2Fwp%2Fv2%2Ftags&post=81"}],"curies":[{"name":"wp","href":"https:\/\/api.w.org\/{rel}","templated":true}]}}