{"id":600,"date":"2016-05-10T09:59:13","date_gmt":"2016-05-10T09:59:13","guid":{"rendered":"http:\/\/www.famnedergaard.dk\/wordpress\/?p=600"},"modified":"2016-05-10T10:02:09","modified_gmt":"2016-05-10T10:02:09","slug":"kristihimmelfart-2016","status":"publish","type":"post","link":"https:\/\/www.famnedergaard.dk\/?p=600","title":{"rendered":"Kristihimmelfart 2016"},"content":{"rendered":"<p>Kristihimmelfarts ferien blev brugt p\u00e5 at f\u00e5 fikset lidt i haven i det gode vejr. Det blev ogs\u00e5 tid til en tur til Jydefest og vi fik sendt Margrethe afsted p\u00e5 hendes f\u00f8rste spejderlejer hvor hun n\u00f8d det i fulde drag. Fredag var vi forbi lejren med kage for at fejre Margrethe i dejlig solskin ?<\/p>\n<p><a href=\"https:\/\/www.famnedergaard.dk\/wp-content\/uploads\/2016\/05\/img_1046.jpg\"><img loading=\"lazy\" decoding=\"async\" src=\"https:\/\/www.famnedergaard.dk\/wp-content\/uploads\/2016\/05\/img_1046.jpg\" alt=\"\" width=\"374\" height=\"280\" class=\"alignnone size-full wp-image-592\" srcset=\"https:\/\/www.famnedergaard.dk\/wp-content\/uploads\/2016\/05\/img_1046.jpg 374w, https:\/\/www.famnedergaard.dk\/wp-content\/uploads\/2016\/05\/img_1046-300x225.jpg 300w\" sizes=\"auto, (max-width: 374px) 100vw, 374px\" \/><\/a><a href=\"https:\/\/www.famnedergaard.dk\/wp-content\/uploads\/2016\/05\/img_10453.jpg\"><img loading=\"lazy\" decoding=\"async\" src=\"https:\/\/www.famnedergaard.dk\/wp-content\/uploads\/2016\/05\/img_10453.jpg\" alt=\"\" width=\"374\" height=\"500\" class=\"alignnone size-full wp-image-599\" srcset=\"https:\/\/www.famnedergaard.dk\/wp-content\/uploads\/2016\/05\/img_10453.jpg 374w, https:\/\/www.famnedergaard.dk\/wp-content\/uploads\/2016\/05\/img_10453-224x300.jpg 224w\" sizes=\"auto, (max-width: 374px) 100vw, 374px\" \/><\/a><\/p>\n<p><a href=\"https:\/\/www.famnedergaard.dk\/wp-content\/uploads\/2016\/05\/img_1043-1.jpg\"><img loading=\"lazy\" decoding=\"async\" src=\"https:\/\/www.famnedergaard.dk\/wp-content\/uploads\/2016\/05\/img_1043-1.jpg\" alt=\"\" width=\"374\" height=\"280\" class=\"alignnone size-full wp-image-602\" srcset=\"https:\/\/www.famnedergaard.dk\/wp-content\/uploads\/2016\/05\/img_1043-1.jpg 374w, https:\/\/www.famnedergaard.dk\/wp-content\/uploads\/2016\/05\/img_1043-1-300x225.jpg 300w\" sizes=\"auto, (max-width: 374px) 100vw, 374px\" \/><\/a><a href=\"https:\/\/www.famnedergaard.dk\/wp-content\/uploads\/2016\/05\/img_1035-1.jpg\"><img loading=\"lazy\" decoding=\"async\" src=\"https:\/\/www.famnedergaard.dk\/wp-content\/uploads\/2016\/05\/img_1035-1.jpg\" alt=\"\" width=\"1400\" height=\"1050\" class=\"alignnone size-full wp-image-604\" srcset=\"https:\/\/www.famnedergaard.dk\/wp-content\/uploads\/2016\/05\/img_1035-1.jpg 1400w, https:\/\/www.famnedergaard.dk\/wp-content\/uploads\/2016\/05\/img_1035-1-300x225.jpg 300w, https:\/\/www.famnedergaard.dk\/wp-content\/uploads\/2016\/05\/img_1035-1-768x576.jpg 768w, https:\/\/www.famnedergaard.dk\/wp-content\/uploads\/2016\/05\/img_1035-1-1024x768.jpg 1024w\" sizes=\"auto, (max-width: 1400px) 100vw, 1400px\" \/><\/a><\/p>\n<p><a href=\"https:\/\/www.famnedergaard.dk\/wp-content\/uploads\/2016\/05\/img_1040-1.jpg\"><img loading=\"lazy\" decoding=\"async\" src=\"https:\/\/www.famnedergaard.dk\/wp-content\/uploads\/2016\/05\/img_1040-1.jpg\" alt=\"\" width=\"374\" height=\"500\" class=\"alignnone size-full wp-image-605\" srcset=\"https:\/\/www.famnedergaard.dk\/wp-content\/uploads\/2016\/05\/img_1040-1.jpg 374w, https:\/\/www.famnedergaard.dk\/wp-content\/uploads\/2016\/05\/img_1040-1-224x300.jpg 224w\" sizes=\"auto, (max-width: 374px) 100vw, 374px\" \/><\/a><a href=\"https:\/\/www.famnedergaard.dk\/wp-content\/uploads\/2016\/05\/img_1035-1.jpg\"><br \/>\n<\/a><\/p>\n","protected":false},"excerpt":{"rendered":"<p>Kristihimmelfarts ferien blev brugt p\u00e5 at f\u00e5 fikset lidt i haven i det gode vejr. Det blev ogs\u00e5 tid til en tur til Jydefest og vi fik sendt Margrethe afsted p\u00e5 hendes f\u00f8rste spejderlejer hvor hun n\u00f8d det i fulde drag. Fredag var vi forbi lejren med kage for at &#8230;<\/p>\n<p class=\"continue-reading-button\"> <a class=\"continue-reading-link\" href=\"https:\/\/www.famnedergaard.dk\/?p=600\">Continue reading<i class=\"crycon-right-dir\"><\/i><\/a><\/p>\n","protected":false},"author":1,"featured_media":0,"comment_status":"open","ping_status":"open","sticky":false,"template":"","format":"standard","meta":{"footnotes":""},"categories":[23,5,16,8,6,34],"tags":[],"class_list":["post-600","post","type-post","status-publish","format-standard","hentry","category-foedselsdag","category-hjemme","category-kreativ","category-margrethe","category-martin","category-spejder"],"_links":{"self":[{"href":"https:\/\/www.famnedergaard.dk\/index.php?rest_route=\/wp\/v2\/posts\/600","targetHints":{"allow":["GET"]}}],"collection":[{"href":"https:\/\/www.famnedergaard.dk\/index.php?rest_route=\/wp\/v2\/posts"}],"about":[{"href":"https:\/\/www.famnedergaard.dk\/index.php?rest_route=\/wp\/v2\/types\/post"}],"author":[{"embeddable":true,"href":"https:\/\/www.famnedergaard.dk\/index.php?rest_route=\/wp\/v2\/users\/1"}],"replies":[{"embeddable":true,"href":"https:\/\/www.famnedergaard.dk\/index.php?rest_route=%2Fwp%2Fv2%2Fcomments&post=600"}],"version-history":[{"count":3,"href":"https:\/\/www.famnedergaard.dk\/index.php?rest_route=\/wp\/v2\/posts\/600\/revisions"}],"predecessor-version":[{"id":606,"href":"https:\/\/www.famnedergaard.dk\/index.php?rest_route=\/wp\/v2\/posts\/600\/revisions\/606"}],"wp:attachment":[{"href":"https:\/\/www.famnedergaard.dk\/index.php?rest_route=%2Fwp%2Fv2%2Fmedia&parent=600"}],"wp:term":[{"taxonomy":"category","embeddable":true,"href":"https:\/\/www.famnedergaard.dk\/index.php?rest_route=%2Fwp%2Fv2%2Fcategories&post=600"},{"taxonomy":"post_tag","embeddable":true,"href":"https:\/\/www.famnedergaard.dk\/index.php?rest_route=%2Fwp%2Fv2%2Ftags&post=600"}],"curies":[{"name":"wp","href":"https:\/\/api.w.org\/{rel}","templated":true}]}}