{"id":535,"date":"2015-12-24T22:55:15","date_gmt":"2015-12-24T21:55:15","guid":{"rendered":"http:\/\/www.famnedergaard.dk\/wordpress\/?p=535"},"modified":"2023-12-28T21:17:13","modified_gmt":"2023-12-28T20:17:13","slug":"juleaften-2015","status":"publish","type":"post","link":"https:\/\/www.famnedergaard.dk\/?p=535","title":{"rendered":"Juleaften 2015"},"content":{"rendered":"<p>S\u00e5 blev det alligevel juleaften&#8230;. Selv om Thomas om natten og morgen havde haft sin tvivl, da Margrethe og jeg var blevet ramt af sygdom, lykkedes det alligevel at blive klar til en hyggelig aften med bedstemor og bedstefar. &nbsp;Selv om det ikke blev til den \u00e5rlige brunch og g\u00e5tur hyggede Martin og Thomas med LEGO om formiddagen mens Margrethe og jeg kom til kr\u00e6fterne. Og da middagen var overst\u00e5et var sygdommen &nbsp;n\u00e6sten glemt fra Margrethes side da alt fokus var rettet mod dans og gaver.<\/p>\n<p><a href=\"https:\/\/www.famnedergaard.dk\/wp-content\/uploads\/2015\/12\/IMG_9426-1.jpg\"><img decoding=\"async\" src=\"https:\/\/www.famnedergaard.dk\/wp-content\/uploads\/2015\/12\/IMG_9426-1.jpg\" alt=\"\"><\/a>&nbsp;&nbsp;<a href=\"https:\/\/www.famnedergaard.dk\/wp-content\/uploads\/2015\/12\/IMG_9431.jpg\"><img decoding=\"async\" src=\"https:\/\/www.famnedergaard.dk\/wp-content\/uploads\/2015\/12\/IMG_9431.jpg\" alt=\"\"><\/a>&nbsp;&nbsp;<br \/>\n<a href=\"https:\/\/www.famnedergaard.dk\/wp-content\/uploads\/2015\/12\/IMG_9432.jpg\"><img decoding=\"async\" src=\"https:\/\/www.famnedergaard.dk\/wp-content\/uploads\/2015\/12\/IMG_9432.jpg\" alt=\"\"><\/a>&nbsp;&nbsp;<span id=\"img_container_E322604A-375A-426A-AAF6-6C8FC7E9A27D\" class=\"img_container\" data-failed=\"Tap to try again!\"><progress id=\"progress_E322604A-375A-426A-AAF6-6C8FC7E9A27D\" value=\"0.999998\" class=\"wp_media_indicator\" contenteditable=\"false\"><\/progress><img decoding=\"async\" data-wpid=\"E322604A-375A-426A-AAF6-6C8FC7E9A27D\" src=\"file:\/\/\/var\/mobile\/Containers\/Data\/Application\/19CF2A5A-240A-4C4C-8F1B-DBBBACF321CC\/Documents\/Media\/IMG_9440.JPG\" alt=\"\" class=\"uploading\"><\/span><br \/>\n&nbsp;<a href=\"https:\/\/www.famnedergaard.dk\/wp-content\/uploads\/2015\/12\/IMG_9441.jpg\"><img decoding=\"async\" src=\"https:\/\/www.famnedergaard.dk\/wp-content\/uploads\/2015\/12\/IMG_9441.jpg\" alt=\"\"><\/a>&nbsp;<\/p>\n<p>&nbsp;<a href=\"https:\/\/www.famnedergaard.dk\/wp-content\/uploads\/2015\/12\/IMG_9442.jpg\"><img decoding=\"async\" src=\"https:\/\/www.famnedergaard.dk\/wp-content\/uploads\/2015\/12\/IMG_9442.jpg\" alt=\"\"><\/a>&nbsp;&nbsp;<a href=\"https:\/\/www.famnedergaard.dk\/wp-content\/uploads\/2015\/12\/IMG_9446.jpg\"><img decoding=\"async\" src=\"https:\/\/www.famnedergaard.dk\/wp-content\/uploads\/2015\/12\/IMG_9446.jpg\" alt=\"\"><\/a>&nbsp;&nbsp;<a href=\"https:\/\/www.famnedergaard.dk\/wp-content\/uploads\/2015\/12\/IMG_9451.jpg\"><img decoding=\"async\" src=\"https:\/\/www.famnedergaard.dk\/wp-content\/uploads\/2015\/12\/IMG_9451.jpg\" alt=\"\"><\/a>&nbsp;&nbsp;<a href=\"https:\/\/www.famnedergaard.dk\/wp-content\/uploads\/2015\/12\/IMG_9456.jpg\"><img decoding=\"async\" src=\"https:\/\/www.famnedergaard.dk\/wp-content\/uploads\/2015\/12\/IMG_9456.jpg\" alt=\"\"><\/a>&nbsp;&nbsp;<a href=\"https:\/\/www.famnedergaard.dk\/wp-content\/uploads\/2015\/12\/IMG_9459.jpg\"><img decoding=\"async\" src=\"https:\/\/www.famnedergaard.dk\/wp-content\/uploads\/2015\/12\/IMG_9459.jpg\" alt=\"\"><\/a>&nbsp;&nbsp;<a href=\"https:\/\/www.famnedergaard.dk\/wp-content\/uploads\/2015\/12\/IMG_9461.jpg\"><img decoding=\"async\" src=\"https:\/\/www.famnedergaard.dk\/wp-content\/uploads\/2015\/12\/IMG_9461.jpg\" alt=\"\"><\/a>&nbsp;&nbsp;<a href=\"https:\/\/www.famnedergaard.dk\/wp-content\/uploads\/2015\/12\/IMG_9462.jpg\"><img decoding=\"async\" src=\"https:\/\/www.famnedergaard.dk\/wp-content\/uploads\/2015\/12\/IMG_9462.jpg\" alt=\"\"><\/a>&nbsp;<br \/>\n&nbsp;<\/p>\n","protected":false},"excerpt":{"rendered":"<p>S\u00e5 blev det alligevel juleaften&#8230;. Selv om Thomas om natten og morgen havde haft sin tvivl, da Margrethe og jeg var blevet ramt af sygdom, lykkedes det alligevel at blive klar til en hyggelig aften med bedstemor og bedstefar. &nbsp;Selv om det ikke blev til den \u00e5rlige brunch og g\u00e5tur &#8230;<\/p>\n<p class=\"continue-reading-button\"> <a class=\"continue-reading-link\" href=\"https:\/\/www.famnedergaard.dk\/?p=535\">Continue reading<i class=\"crycon-right-dir\"><\/i><\/a><\/p>\n","protected":false},"author":1,"featured_media":0,"comment_status":"open","ping_status":"open","sticky":false,"template":"","format":"standard","meta":{"footnotes":""},"categories":[7],"tags":[],"class_list":["post-535","post","type-post","status-publish","format-standard","hentry","category-jul"],"_links":{"self":[{"href":"https:\/\/www.famnedergaard.dk\/index.php?rest_route=\/wp\/v2\/posts\/535","targetHints":{"allow":["GET"]}}],"collection":[{"href":"https:\/\/www.famnedergaard.dk\/index.php?rest_route=\/wp\/v2\/posts"}],"about":[{"href":"https:\/\/www.famnedergaard.dk\/index.php?rest_route=\/wp\/v2\/types\/post"}],"author":[{"embeddable":true,"href":"https:\/\/www.famnedergaard.dk\/index.php?rest_route=\/wp\/v2\/users\/1"}],"replies":[{"embeddable":true,"href":"https:\/\/www.famnedergaard.dk\/index.php?rest_route=%2Fwp%2Fv2%2Fcomments&post=535"}],"version-history":[{"count":4,"href":"https:\/\/www.famnedergaard.dk\/index.php?rest_route=\/wp\/v2\/posts\/535\/revisions"}],"predecessor-version":[{"id":552,"href":"https:\/\/www.famnedergaard.dk\/index.php?rest_route=\/wp\/v2\/posts\/535\/revisions\/552"}],"wp:attachment":[{"href":"https:\/\/www.famnedergaard.dk\/index.php?rest_route=%2Fwp%2Fv2%2Fmedia&parent=535"}],"wp:term":[{"taxonomy":"category","embeddable":true,"href":"https:\/\/www.famnedergaard.dk\/index.php?rest_route=%2Fwp%2Fv2%2Fcategories&post=535"},{"taxonomy":"post_tag","embeddable":true,"href":"https:\/\/www.famnedergaard.dk\/index.php?rest_route=%2Fwp%2Fv2%2Ftags&post=535"}],"curies":[{"name":"wp","href":"https:\/\/api.w.org\/{rel}","templated":true}]}}