{"id":500,"date":"2015-07-25T11:59:05","date_gmt":"2015-07-25T09:59:05","guid":{"rendered":"http:\/\/www.famnedergaard.dk\/wordpress\/?p=500"},"modified":"2023-12-28T21:17:49","modified_gmt":"2023-12-28T20:17:49","slug":"ferie-paa-bornholm","status":"publish","type":"post","link":"https:\/\/www.famnedergaard.dk\/?p=500","title":{"rendered":"Ferie p\u00e5 Bornholm"},"content":{"rendered":"<p>s\u00e5 er vi kommet til Bornholm og \u00f8en fremst\u00e5r super flot i det sk\u00f8nne sommer vejr. F\u00f8rste stop er Gall\u00f8kken camping i R\u00f8nne.&nbsp;<\/p>\n<p>Efter end udpakning tog Thomas ud og oplevede lidt af naturen p\u00e5 cykel, mens b\u00f8rnene og jeg gik en tur ind til R\u00f8nne og s\u00e5 p\u00e5 de fine sm\u00e5 huse og turen gik lige forbi forsvarsmusseret hvor der til Martins begejstring stod en kanon lige til at leje s\u00f8r\u00f8ver p\u00e5&nbsp;<\/p>\n<p><a href=\"https:\/\/www.famnedergaard.dk\/wp-content\/uploads\/2015\/07\/IMG_0502.jpg\"><img decoding=\"async\" src=\"https:\/\/www.famnedergaard.dk\/wp-content\/uploads\/2015\/07\/IMG_0502.jpg\" alt=\"\"><\/a>&nbsp;&nbsp;<a href=\"https:\/\/www.famnedergaard.dk\/wp-content\/uploads\/2015\/07\/IMG_0505.jpg\"><img decoding=\"async\" src=\"https:\/\/www.famnedergaard.dk\/wp-content\/uploads\/2015\/07\/IMG_0505.jpg\" alt=\"\"><\/a>&nbsp;&nbsp;<a href=\"https:\/\/www.famnedergaard.dk\/wp-content\/uploads\/2015\/07\/IMG_0507.jpg\"><img decoding=\"async\" src=\"https:\/\/www.famnedergaard.dk\/wp-content\/uploads\/2015\/07\/IMG_0507.jpg\" alt=\"\"><\/a>&nbsp;<\/p>\n<p>Den 24\/7<\/p>\n<p>I dag skal bussen lidt ud at k\u00f8re. Vi er k\u00f8rt syd p\u00e5 f\u00f8rst forbi sommerhuset i pedersker som vi fandt trods forandring. Derefter videre til dueodde hvor der blev spontant badet.<\/p>\n<p>Frokosten n\u00f8d vi i snogeb\u00e6k foran r\u00f8geriet som ogs\u00e5 forsynede os med fisk til menuen.&nbsp;<\/p>\n<p>Vi k\u00f8rte derefter igennem almindingen for at ende ved Ekkodalen som Thomas og Margrethe flittigt afpr\u00f8vede med succes.&nbsp;<\/p>\n<p>Da vi kom hjem havde campingpladsen bes\u00f8g af en \u00e6gte g\u00f8jler som l\u00e6rte b\u00f8rnene g\u00f8jlertriks.&nbsp;<\/p>\n<p>Om aftnen var der t\u00f8sehygge da Martin var lagt i seng og Thomas var taget afsted til K\u00f8benhavn.&nbsp;<\/p>\n<p><a href=\"https:\/\/www.famnedergaard.dk\/wp-content\/uploads\/2015\/07\/IMG_0515.jpg\"><img decoding=\"async\" src=\"https:\/\/www.famnedergaard.dk\/wp-content\/uploads\/2015\/07\/IMG_0515.jpg\" alt=\"\"><\/a>&nbsp;&nbsp;<a href=\"https:\/\/www.famnedergaard.dk\/wp-content\/uploads\/2015\/07\/IMG_0518.jpg\"><img decoding=\"async\" src=\"https:\/\/www.famnedergaard.dk\/wp-content\/uploads\/2015\/07\/IMG_0518.jpg\" alt=\"\"><\/a>&nbsp;&nbsp;<a href=\"https:\/\/www.famnedergaard.dk\/wp-content\/uploads\/2015\/07\/IMG_0519.jpg\"><img decoding=\"async\" src=\"https:\/\/www.famnedergaard.dk\/wp-content\/uploads\/2015\/07\/IMG_0519.jpg\" alt=\"\"><\/a>&nbsp;&nbsp;<\/p>\n<p>Den 25\/7<\/p>\n<p>Dagen startede med morgenmad indend\u00f8re da himlen bogstaveligt talt \u00e5bnede for sluserne, det bet\u00f8d at jorden ikke kunne f\u00f8lge med til at suge vandet og det sejlede i forteltet.<\/p>\n<p>Vejret \u00e6ndrede sig dog og blev rigtig fint. Thomas er i K\u00f8benhavn i dag, s\u00e5 vi tog det stille og roligt. Vi var nede og bade hvilket b\u00f8rnene n\u00f8d og s\u00e5 fik de pr\u00f8vet sofacyklerne p\u00e5 campingpladsen.&nbsp;<\/p>\n<p>I morgen g\u00e5r turen til sandvig camping, og jeg gl\u00e6der mig efterh\u00e5nden til at komme ud og opleve noget mere af \u00f8en&nbsp;<\/p>\n<p><a href=\"https:\/\/www.famnedergaard.dk\/wp-content\/uploads\/2015\/07\/IMG_0521.jpg\"><img decoding=\"async\" src=\"https:\/\/www.famnedergaard.dk\/wp-content\/uploads\/2015\/07\/IMG_0521.jpg\" alt=\"\"><\/a>&nbsp;&nbsp;<a href=\"https:\/\/www.famnedergaard.dk\/wp-content\/uploads\/2015\/07\/IMG_0523.jpg\"><img decoding=\"async\" src=\"https:\/\/www.famnedergaard.dk\/wp-content\/uploads\/2015\/07\/IMG_0523.jpg\" alt=\"\"><\/a>&nbsp;&nbsp;<a href=\"https:\/\/www.famnedergaard.dk\/wp-content\/uploads\/2015\/07\/IMG_0524.jpg\"><img decoding=\"async\" src=\"https:\/\/www.famnedergaard.dk\/wp-content\/uploads\/2015\/07\/IMG_0524.jpg\" alt=\"\"><\/a>&nbsp; &nbsp;<\/p>\n<p><a href=\"https:\/\/www.famnedergaard.dk\/wp-content\/uploads\/2015\/07\/IMG_0527.jpg\"><img decoding=\"async\" src=\"https:\/\/www.famnedergaard.dk\/wp-content\/uploads\/2015\/07\/IMG_0527.jpg\" alt=\"\"><\/a>&nbsp;&nbsp;<\/p>\n<p><a href=\"https:\/\/www.famnedergaard.dk\/wp-content\/uploads\/2015\/07\/IMG_0528.jpg\"><img decoding=\"async\" src=\"https:\/\/www.famnedergaard.dk\/wp-content\/uploads\/2015\/07\/IMG_0528.jpg\" alt=\"\"><\/a>&nbsp;&nbsp;<\/p>\n<p><a href=\"https:\/\/www.famnedergaard.dk\/wp-content\/uploads\/2015\/07\/IMG_0539.jpg\"><img decoding=\"async\" src=\"https:\/\/www.famnedergaard.dk\/wp-content\/uploads\/2015\/07\/IMG_0539.jpg\" alt=\"\"><\/a>&nbsp;&nbsp;<\/p>\n<p>28\/7<\/p>\n<p>I dag har vi v\u00e6ret p\u00e5 farten igen, vi startede med at k\u00f8re til Ypnasted hvor jeg fik genset mormor og morfars gamle sommerhus, der var ingen hjemme men vi vovede pelsen og gik ind og s\u00e5 lidt at grunden.&nbsp;<\/p>\n<p>Derefter gik turen til svaneke hvor vi fik bes\u00f8gt glaspusteriet, bolchekogeriet og k\u00f8rt med hestevogn.<\/p>\n<p>Vi sluttede turen i Gudhjem hvor vi stod i l\u00e6 for regnen i karamelkompanigets butik og sluttede med en dejlig is p\u00e5 havnen. &nbsp;<\/p>\n<p><a href=\"https:\/\/www.famnedergaard.dk\/wp-content\/uploads\/2015\/07\/IMG_0554.jpg\"><img decoding=\"async\" src=\"https:\/\/www.famnedergaard.dk\/wp-content\/uploads\/2015\/07\/IMG_0554.jpg\" alt=\"\"><\/a>&nbsp;&nbsp;<a href=\"https:\/\/www.famnedergaard.dk\/wp-content\/uploads\/2015\/07\/IMG_0556.jpg\"><img decoding=\"async\" src=\"https:\/\/www.famnedergaard.dk\/wp-content\/uploads\/2015\/07\/IMG_0556.jpg\" alt=\"\"><\/a>&nbsp;&nbsp;<\/p>\n<p>29\/7<\/p>\n<p>Dagen idag startede med en hel del regn s\u00e5 vi tog det stille og roligt med morgenmaden. Derefter gik turen til \u00d8ster Lars, hvor Martin fik indfriet sit \u00f8nske om at se en rundkirke, hvilket han har snakket om det meste af ugen, vi var endda s\u00e5 heldige at f\u00e5 en guidet tur med fort\u00e6lling om rundkirken.<\/p>\n<p>Derefter tog vi lige et smut forbi Gudhjem og fik endnu en is.&nbsp;<\/p>\n<p>S\u00e5 tog vi til Vang og s\u00e5 granitbrudet en rigtig flot tur. Derefter tilbage til campen hvorefter Thomas tog MTB tilbage til Vang og s\u00e5 turen fra cyklen.&nbsp;<\/p>\n<p><a href=\"https:\/\/www.famnedergaard.dk\/wp-content\/uploads\/2015\/07\/IMG_0560.jpg\"><img decoding=\"async\" src=\"https:\/\/www.famnedergaard.dk\/wp-content\/uploads\/2015\/07\/IMG_0560.jpg\" alt=\"\"><\/a>&nbsp;<\/p>\n","protected":false},"excerpt":{"rendered":"<p>s\u00e5 er vi kommet til Bornholm og \u00f8en fremst\u00e5r super flot i det sk\u00f8nne sommer vejr. F\u00f8rste stop er Gall\u00f8kken camping i R\u00f8nne.&nbsp; Efter end udpakning tog Thomas ud og oplevede lidt af naturen p\u00e5 cykel, mens b\u00f8rnene og jeg gik en tur ind til R\u00f8nne og s\u00e5 p\u00e5 de &#8230;<\/p>\n<p class=\"continue-reading-button\"> <a class=\"continue-reading-link\" href=\"https:\/\/www.famnedergaard.dk\/?p=500\">Continue reading<i class=\"crycon-right-dir\"><\/i><\/a><\/p>\n","protected":false},"author":1,"featured_media":0,"comment_status":"open","ping_status":"open","sticky":false,"template":"","format":"standard","meta":{"footnotes":""},"categories":[9],"tags":[],"class_list":["post-500","post","type-post","status-publish","format-standard","hentry","category-sommerferie"],"_links":{"self":[{"href":"https:\/\/www.famnedergaard.dk\/index.php?rest_route=\/wp\/v2\/posts\/500","targetHints":{"allow":["GET"]}}],"collection":[{"href":"https:\/\/www.famnedergaard.dk\/index.php?rest_route=\/wp\/v2\/posts"}],"about":[{"href":"https:\/\/www.famnedergaard.dk\/index.php?rest_route=\/wp\/v2\/types\/post"}],"author":[{"embeddable":true,"href":"https:\/\/www.famnedergaard.dk\/index.php?rest_route=\/wp\/v2\/users\/1"}],"replies":[{"embeddable":true,"href":"https:\/\/www.famnedergaard.dk\/index.php?rest_route=%2Fwp%2Fv2%2Fcomments&post=500"}],"version-history":[{"count":5,"href":"https:\/\/www.famnedergaard.dk\/index.php?rest_route=\/wp\/v2\/posts\/500\/revisions"}],"predecessor-version":[{"id":518,"href":"https:\/\/www.famnedergaard.dk\/index.php?rest_route=\/wp\/v2\/posts\/500\/revisions\/518"}],"wp:attachment":[{"href":"https:\/\/www.famnedergaard.dk\/index.php?rest_route=%2Fwp%2Fv2%2Fmedia&parent=500"}],"wp:term":[{"taxonomy":"category","embeddable":true,"href":"https:\/\/www.famnedergaard.dk\/index.php?rest_route=%2Fwp%2Fv2%2Fcategories&post=500"},{"taxonomy":"post_tag","embeddable":true,"href":"https:\/\/www.famnedergaard.dk\/index.php?rest_route=%2Fwp%2Fv2%2Ftags&post=500"}],"curies":[{"name":"wp","href":"https:\/\/api.w.org\/{rel}","templated":true}]}}