{"id":476,"date":"2015-07-11T16:08:40","date_gmt":"2015-07-11T14:08:40","guid":{"rendered":"http:\/\/www.famnedergaard.dk\/wordpress\/?p=476"},"modified":"2023-12-28T21:17:58","modified_gmt":"2023-12-28T20:17:58","slug":"ferie-i-silkeborg","status":"publish","type":"post","link":"https:\/\/www.famnedergaard.dk\/?p=476","title":{"rendered":"Ferie i Silkeborg"},"content":{"rendered":"<p>S\u00e5 begynder vi p\u00e5 endnu en uge i ferien, denne uge er vi i Silkeborg hjemme og klarg\u00f8re til Thomas er klar til ferie og vi kan komme afsted.&nbsp;<\/p>\n<p>Der blev hygget i haven i varmen, LegeK\u00e6den blev bes\u00f8gt og Martin fik valgt sin bel\u00f8nning for at smide bleen. Biblioteket blev bes\u00f8gt og vi m\u00f8dte Emilie Ester fra X-faktor og k\u00f8rte ikke mindre en 2 ture i byens tog.<\/p>\n<p>&nbsp;<a href=\"https:\/\/www.famnedergaard.dk\/wp-content\/uploads\/2015\/07\/IMG_0425.jpg\"><img decoding=\"async\" src=\"https:\/\/www.famnedergaard.dk\/wp-content\/uploads\/2015\/07\/IMG_0425.jpg\" alt=\"\"><\/a>&nbsp;<br \/>\n&nbsp;<a href=\"https:\/\/www.famnedergaard.dk\/wp-content\/uploads\/2015\/07\/IMG_0428.jpg\"><img decoding=\"async\" src=\"https:\/\/www.famnedergaard.dk\/wp-content\/uploads\/2015\/07\/IMG_0428.jpg\" alt=\"\"><\/a>&nbsp;&nbsp;<br \/>\n<a href=\"https:\/\/www.famnedergaard.dk\/wp-content\/uploads\/2015\/07\/IMG_0430.jpg\"><img decoding=\"async\" src=\"https:\/\/www.famnedergaard.dk\/wp-content\/uploads\/2015\/07\/IMG_0430.jpg\" alt=\"\"><\/a>&nbsp;&nbsp;<a href=\"https:\/\/www.famnedergaard.dk\/wp-content\/uploads\/2015\/07\/IMG_0431.jpg\"><img decoding=\"async\" src=\"https:\/\/www.famnedergaard.dk\/wp-content\/uploads\/2015\/07\/IMG_0431.jpg\" alt=\"\"><\/a>&nbsp;&nbsp;<a href=\"https:\/\/www.famnedergaard.dk\/wp-content\/uploads\/2015\/07\/IMG_0434.jpg\"><img decoding=\"async\" src=\"https:\/\/www.famnedergaard.dk\/wp-content\/uploads\/2015\/07\/IMG_0434.jpg\" alt=\"\"><\/a>&nbsp;&nbsp;<a href=\"https:\/\/www.famnedergaard.dk\/wp-content\/uploads\/2015\/07\/IMG_0440.jpg\"><img decoding=\"async\" src=\"https:\/\/www.famnedergaard.dk\/wp-content\/uploads\/2015\/07\/IMG_0440.jpg\" alt=\"\"><\/a>&nbsp;&nbsp;<a href=\"https:\/\/www.famnedergaard.dk\/wp-content\/uploads\/2015\/07\/IMG_0442.jpg\"><img decoding=\"async\" src=\"https:\/\/www.famnedergaard.dk\/wp-content\/uploads\/2015\/07\/IMG_0442.jpg\" alt=\"\"><\/a>&nbsp;&nbsp;<a href=\"https:\/\/www.famnedergaard.dk\/wp-content\/uploads\/2015\/07\/IMG_0443.jpg\"><img decoding=\"async\" src=\"https:\/\/www.famnedergaard.dk\/wp-content\/uploads\/2015\/07\/IMG_0443.jpg\" alt=\"\"><\/a>&nbsp;&nbsp;<a href=\"https:\/\/www.famnedergaard.dk\/wp-content\/uploads\/2015\/07\/IMG_0398.jpg\"><img decoding=\"async\" src=\"https:\/\/www.famnedergaard.dk\/wp-content\/uploads\/2015\/07\/IMG_0398.jpg\" alt=\"\"><\/a>&nbsp;&nbsp;<\/p>\n","protected":false},"excerpt":{"rendered":"<p>S\u00e5 begynder vi p\u00e5 endnu en uge i ferien, denne uge er vi i Silkeborg hjemme og klarg\u00f8re til Thomas er klar til ferie og vi kan komme afsted.&nbsp; Der blev hygget i haven i varmen, LegeK\u00e6den blev bes\u00f8gt og Martin fik valgt sin bel\u00f8nning for at smide bleen. Biblioteket &#8230;<\/p>\n<p class=\"continue-reading-button\"> <a class=\"continue-reading-link\" href=\"https:\/\/www.famnedergaard.dk\/?p=476\">Continue reading<i class=\"crycon-right-dir\"><\/i><\/a><\/p>\n","protected":false},"author":1,"featured_media":0,"comment_status":"open","ping_status":"open","sticky":false,"template":"","format":"standard","meta":{"footnotes":""},"categories":[17,5,8,6,9],"tags":[],"class_list":["post-476","post","type-post","status-publish","format-standard","hentry","category-hanne","category-hjemme","category-margrethe","category-martin","category-sommerferie"],"_links":{"self":[{"href":"https:\/\/www.famnedergaard.dk\/index.php?rest_route=\/wp\/v2\/posts\/476","targetHints":{"allow":["GET"]}}],"collection":[{"href":"https:\/\/www.famnedergaard.dk\/index.php?rest_route=\/wp\/v2\/posts"}],"about":[{"href":"https:\/\/www.famnedergaard.dk\/index.php?rest_route=\/wp\/v2\/types\/post"}],"author":[{"embeddable":true,"href":"https:\/\/www.famnedergaard.dk\/index.php?rest_route=\/wp\/v2\/users\/1"}],"replies":[{"embeddable":true,"href":"https:\/\/www.famnedergaard.dk\/index.php?rest_route=%2Fwp%2Fv2%2Fcomments&post=476"}],"version-history":[{"count":2,"href":"https:\/\/www.famnedergaard.dk\/index.php?rest_route=\/wp\/v2\/posts\/476\/revisions"}],"predecessor-version":[{"id":487,"href":"https:\/\/www.famnedergaard.dk\/index.php?rest_route=\/wp\/v2\/posts\/476\/revisions\/487"}],"wp:attachment":[{"href":"https:\/\/www.famnedergaard.dk\/index.php?rest_route=%2Fwp%2Fv2%2Fmedia&parent=476"}],"wp:term":[{"taxonomy":"category","embeddable":true,"href":"https:\/\/www.famnedergaard.dk\/index.php?rest_route=%2Fwp%2Fv2%2Fcategories&post=476"},{"taxonomy":"post_tag","embeddable":true,"href":"https:\/\/www.famnedergaard.dk\/index.php?rest_route=%2Fwp%2Fv2%2Ftags&post=476"}],"curies":[{"name":"wp","href":"https:\/\/api.w.org\/{rel}","templated":true}]}}