{"id":462,"date":"2015-07-11T09:51:19","date_gmt":"2015-07-11T09:51:19","guid":{"rendered":"http:\/\/www.famnedergaard.dk\/wordpress\/?p=462"},"modified":"2015-07-11T19:57:19","modified_gmt":"2015-07-11T19:57:19","slug":"sommerferie-i-juelsminde","status":"publish","type":"post","link":"https:\/\/www.famnedergaard.dk\/?p=462","title":{"rendered":"Sommerferie i Juelsminde"},"content":{"rendered":"<p>s\u00e5 er ferien startet for Martin Margrethes og mit vedkommende og mens Thomas arbejder i Tyskland er vi taget til Juelsminde til mormor og morfar.&nbsp;<\/p>\n<p>Det var rigtig godt vejr s\u00e5 vi fik spist en masse is og badet, men der blev ogs\u00e5 tid til et bes\u00f8g hos Henriette Maja og Mikkel.&nbsp;<\/p>\n<p>Margrethe fik pr\u00f8vet hendes flotte nye cykel og vi havde en god tur til Juelsminde&nbsp;<\/p>\n<p>Ugen sluttede af med oldemors og eggerts 90 \u00e5rs f\u00f8dselsdag<\/p>\n<p>Tak for en dejlig uge p\u00e5 trods af sygdom og et h\u00f8jt lydniveau. &nbsp;<\/p>\n<p><a href=\"https:\/\/www.famnedergaard.dk\/wp-content\/uploads\/2015\/07\/IMG_0404-1.jpg\"><img decoding=\"async\" src=\"https:\/\/www.famnedergaard.dk\/wp-content\/uploads\/2015\/07\/IMG_0404-1.jpg\" alt=\"\"><\/a>&nbsp;&nbsp;<a href=\"https:\/\/www.famnedergaard.dk\/wp-content\/uploads\/2015\/07\/IMG_0406.jpg\"><img decoding=\"async\" src=\"https:\/\/www.famnedergaard.dk\/wp-content\/uploads\/2015\/07\/IMG_0406.jpg\" alt=\"\"><\/a>&nbsp;&nbsp;<a href=\"https:\/\/www.famnedergaard.dk\/wp-content\/uploads\/2015\/07\/IMG_0412.jpg\"><img decoding=\"async\" src=\"https:\/\/www.famnedergaard.dk\/wp-content\/uploads\/2015\/07\/IMG_0412.jpg\" alt=\"\"><\/a>&nbsp;&nbsp;<a href=\"https:\/\/www.famnedergaard.dk\/wp-content\/uploads\/2015\/07\/IMG_0413.jpg\"><img decoding=\"async\" src=\"https:\/\/www.famnedergaard.dk\/wp-content\/uploads\/2015\/07\/IMG_0413.jpg\" alt=\"\"><\/a>&nbsp;&nbsp;<a href=\"https:\/\/www.famnedergaard.dk\/wp-content\/uploads\/2015\/07\/IMG_0416.jpg\"><img decoding=\"async\" src=\"https:\/\/www.famnedergaard.dk\/wp-content\/uploads\/2015\/07\/IMG_0416.jpg\" alt=\"\"><\/a>&nbsp;&nbsp;<a href=\"https:\/\/www.famnedergaard.dk\/wp-content\/uploads\/2015\/07\/IMG_0418.jpg\"><img decoding=\"async\" src=\"https:\/\/www.famnedergaard.dk\/wp-content\/uploads\/2015\/07\/IMG_0418.jpg\" alt=\"\"><\/a>&nbsp;&nbsp;<a href=\"https:\/\/www.famnedergaard.dk\/wp-content\/uploads\/2015\/07\/IMG_0420.jpg\"><img decoding=\"async\" src=\"https:\/\/www.famnedergaard.dk\/wp-content\/uploads\/2015\/07\/IMG_0420.jpg\" alt=\"\"><\/a>&nbsp;&nbsp;<a href=\"https:\/\/www.famnedergaard.dk\/wp-content\/uploads\/2015\/07\/IMG_0422.jpg\"><img decoding=\"async\" src=\"https:\/\/www.famnedergaard.dk\/wp-content\/uploads\/2015\/07\/IMG_0422.jpg\" alt=\"\"><\/a>&nbsp;&nbsp;&nbsp;&nbsp;<\/p>\n","protected":false},"excerpt":{"rendered":"<p>s\u00e5 er ferien startet for Martin Margrethes og mit vedkommende og mens Thomas arbejder i Tyskland er vi taget til Juelsminde til mormor og morfar.&nbsp; Det var rigtig godt vejr s\u00e5 vi fik spist en masse is og badet, men der blev ogs\u00e5 tid til et bes\u00f8g hos Henriette Maja &#8230;<\/p>\n<p class=\"continue-reading-button\"> <a class=\"continue-reading-link\" href=\"https:\/\/www.famnedergaard.dk\/?p=462\">Continue reading<i class=\"crycon-right-dir\"><\/i><\/a><\/p>\n","protected":false},"author":1,"featured_media":0,"comment_status":"open","ping_status":"open","sticky":false,"template":"","format":"standard","meta":{"footnotes":""},"categories":[8,6,9],"tags":[],"class_list":["post-462","post","type-post","status-publish","format-standard","hentry","category-margrethe","category-martin","category-sommerferie"],"_links":{"self":[{"href":"https:\/\/www.famnedergaard.dk\/index.php?rest_route=\/wp\/v2\/posts\/462","targetHints":{"allow":["GET"]}}],"collection":[{"href":"https:\/\/www.famnedergaard.dk\/index.php?rest_route=\/wp\/v2\/posts"}],"about":[{"href":"https:\/\/www.famnedergaard.dk\/index.php?rest_route=\/wp\/v2\/types\/post"}],"author":[{"embeddable":true,"href":"https:\/\/www.famnedergaard.dk\/index.php?rest_route=\/wp\/v2\/users\/1"}],"replies":[{"embeddable":true,"href":"https:\/\/www.famnedergaard.dk\/index.php?rest_route=%2Fwp%2Fv2%2Fcomments&post=462"}],"version-history":[{"count":4,"href":"https:\/\/www.famnedergaard.dk\/index.php?rest_route=\/wp\/v2\/posts\/462\/revisions"}],"predecessor-version":[{"id":475,"href":"https:\/\/www.famnedergaard.dk\/index.php?rest_route=\/wp\/v2\/posts\/462\/revisions\/475"}],"wp:attachment":[{"href":"https:\/\/www.famnedergaard.dk\/index.php?rest_route=%2Fwp%2Fv2%2Fmedia&parent=462"}],"wp:term":[{"taxonomy":"category","embeddable":true,"href":"https:\/\/www.famnedergaard.dk\/index.php?rest_route=%2Fwp%2Fv2%2Fcategories&post=462"},{"taxonomy":"post_tag","embeddable":true,"href":"https:\/\/www.famnedergaard.dk\/index.php?rest_route=%2Fwp%2Fv2%2Ftags&post=462"}],"curies":[{"name":"wp","href":"https:\/\/api.w.org\/{rel}","templated":true}]}}