{"id":433,"date":"2015-04-18T19:06:19","date_gmt":"2015-04-18T19:06:19","guid":{"rendered":"http:\/\/www.famnedergaard.dk\/wordpress\/?p=433"},"modified":"2015-04-18T19:53:58","modified_gmt":"2015-04-18T19:53:58","slug":"thomas-nu-som-ultraloeber","status":"publish","type":"post","link":"https:\/\/www.famnedergaard.dk\/?p=433","title":{"rendered":"Thomas, nu som ultral\u00f8ber"},"content":{"rendered":"<p>S\u00e5 kom dagen hvor Thomas skulle pr\u00f8ve kr\u00e6fter med ultral\u00f8b, ialt 52 km, fra Ry til Silkeborg og tilbage igen undervejs blev Himmelbjerget, sindbjerg og stoubjerg samt mange andre h\u00f8je besteget. Det har v\u00e6ret en helt fantastisk dag, <span style=\"line-height: normal; -webkit-text-size-adjust: auto; background-color: rgba(255, 255, 255, 0);\">at v\u00e6re b\u00e5de l\u00f8ber og supporter i, b\u00f8rnene klarede det rigtig fint og fik heppet p\u00e5 en masse traill\u00f8bere, leget og hygget.<\/span><span style=\"line-height: 28px;\">&nbsp;Thomas kom igennem p\u00e5 en rigtig god tid 5timer og 38minutter, han imponere mig bare igen og igen.<\/span><\/p>\n<p><img decoding=\"async\" src=\"https:\/\/www.famnedergaard.dk\/wp-content\/uploads\/2015\/04\/IMG_8961.jpg\" alt=\"\"><\/p>\n<p><span style=\"line-height: 28px;\">&nbsp;<\/span><span style=\"line-height: 28px;\">&nbsp;<\/span><\/p>\n<p><img decoding=\"async\" src=\"https:\/\/www.famnedergaard.dk\/wp-content\/uploads\/2015\/04\/IMG_8964.jpg\" alt=\"\">&nbsp;&nbsp;<img decoding=\"async\" src=\"https:\/\/www.famnedergaard.dk\/wp-content\/uploads\/2015\/04\/IMG_8971.jpg\" alt=\"\">&nbsp;&nbsp;<img decoding=\"async\" src=\"https:\/\/www.famnedergaard.dk\/wp-content\/uploads\/2015\/04\/IMG_8976.jpg\" alt=\"\">&nbsp;&nbsp;<img decoding=\"async\" src=\"https:\/\/www.famnedergaard.dk\/wp-content\/uploads\/2015\/04\/IMG_8977.jpg\" alt=\"\">&nbsp;&nbsp;<img decoding=\"async\" src=\"https:\/\/www.famnedergaard.dk\/wp-content\/uploads\/2015\/04\/IMG_8985.jpg\" alt=\"\">&nbsp;&nbsp;<img decoding=\"async\" src=\"https:\/\/www.famnedergaard.dk\/wp-content\/uploads\/2015\/04\/IMG_8989.jpg\" alt=\"\">&nbsp;&nbsp;<img decoding=\"async\" src=\"https:\/\/www.famnedergaard.dk\/wp-content\/uploads\/2015\/04\/IMG_8997.jpg\" alt=\"\">&nbsp;&nbsp;<img decoding=\"async\" src=\"https:\/\/www.famnedergaard.dk\/wp-content\/uploads\/2015\/04\/IMG_9004.jpg\" alt=\"\">&nbsp;&nbsp;<img decoding=\"async\" src=\"https:\/\/www.famnedergaard.dk\/wp-content\/uploads\/2015\/04\/IMG_9010.jpg\" alt=\"\">&nbsp;&nbsp;<img decoding=\"async\" src=\"https:\/\/www.famnedergaard.dk\/wp-content\/uploads\/2015\/04\/IMG_9012.jpg\" alt=\"\">&nbsp;&nbsp;<img decoding=\"async\" src=\"https:\/\/www.famnedergaard.dk\/wp-content\/uploads\/2015\/04\/IMG_9020.jpg\" alt=\"\">&nbsp;&nbsp;<img decoding=\"async\" src=\"https:\/\/www.famnedergaard.dk\/wp-content\/uploads\/2015\/04\/IMG_9024.jpg\" alt=\"\">&nbsp;<\/p>\n","protected":false},"excerpt":{"rendered":"<p>S\u00e5 kom dagen hvor Thomas skulle pr\u00f8ve kr\u00e6fter med ultral\u00f8b, ialt 52 km, fra Ry til Silkeborg og tilbage igen undervejs blev Himmelbjerget, sindbjerg og stoubjerg samt mange andre h\u00f8je besteget. Det har v\u00e6ret en helt fantastisk dag, at v\u00e6re b\u00e5de l\u00f8ber og supporter i, b\u00f8rnene klarede det rigtig fint &#8230;<\/p>\n<p class=\"continue-reading-button\"> <a class=\"continue-reading-link\" href=\"https:\/\/www.famnedergaard.dk\/?p=433\">Continue reading<i class=\"crycon-right-dir\"><\/i><\/a><\/p>\n","protected":false},"author":1,"featured_media":0,"comment_status":"open","ping_status":"open","sticky":false,"template":"","format":"standard","meta":{"footnotes":""},"categories":[25,8,6,20,4,13,28],"tags":[],"class_list":["post-433","post","type-post","status-publish","format-standard","hentry","category-legeplads","category-margrethe","category-martin","category-natur","category-paa-tur","category-thomas","category-trailloeb"],"_links":{"self":[{"href":"https:\/\/www.famnedergaard.dk\/index.php?rest_route=\/wp\/v2\/posts\/433","targetHints":{"allow":["GET"]}}],"collection":[{"href":"https:\/\/www.famnedergaard.dk\/index.php?rest_route=\/wp\/v2\/posts"}],"about":[{"href":"https:\/\/www.famnedergaard.dk\/index.php?rest_route=\/wp\/v2\/types\/post"}],"author":[{"embeddable":true,"href":"https:\/\/www.famnedergaard.dk\/index.php?rest_route=\/wp\/v2\/users\/1"}],"replies":[{"embeddable":true,"href":"https:\/\/www.famnedergaard.dk\/index.php?rest_route=%2Fwp%2Fv2%2Fcomments&post=433"}],"version-history":[{"count":2,"href":"https:\/\/www.famnedergaard.dk\/index.php?rest_route=\/wp\/v2\/posts\/433\/revisions"}],"predecessor-version":[{"id":435,"href":"https:\/\/www.famnedergaard.dk\/index.php?rest_route=\/wp\/v2\/posts\/433\/revisions\/435"}],"wp:attachment":[{"href":"https:\/\/www.famnedergaard.dk\/index.php?rest_route=%2Fwp%2Fv2%2Fmedia&parent=433"}],"wp:term":[{"taxonomy":"category","embeddable":true,"href":"https:\/\/www.famnedergaard.dk\/index.php?rest_route=%2Fwp%2Fv2%2Fcategories&post=433"},{"taxonomy":"post_tag","embeddable":true,"href":"https:\/\/www.famnedergaard.dk\/index.php?rest_route=%2Fwp%2Fv2%2Ftags&post=433"}],"curies":[{"name":"wp","href":"https:\/\/api.w.org\/{rel}","templated":true}]}}